{"id":658,"date":"2024-06-19T10:25:57","date_gmt":"2024-06-19T10:25:57","guid":{"rendered":"https:\/\/abac.cv\/?p=658"},"modified":"2026-01-29T12:13:25","modified_gmt":"2026-01-29T12:13:25","slug":"a-abac-e-a-fundacao-smart-city-com-sede-na-praia-assinaram-um-protocolo-de-parceria-ontem-dia-19-de-setembro","status":"publish","type":"post","link":"https:\/\/abac.cv\/index.php\/2024\/06\/19\/a-abac-e-a-fundacao-smart-city-com-sede-na-praia-assinaram-um-protocolo-de-parceria-ontem-dia-19-de-setembro\/","title":{"rendered":"A ABAC e a Funda\u00e7\u00e3o Smart City, com sede na Praia, assinaram um protocolo de parceria ontem, dia 19 de Setembro."},"content":{"rendered":"\t\t<div data-elementor-type=\"wp-post\" data-elementor-id=\"658\" class=\"elementor elementor-658\">\n\t\t\t\t<div class=\"elementor-element elementor-element-8ad9024 e-flex e-con-boxed e-con e-parent\" data-id=\"8ad9024\" data-element_type=\"container\" data-settings=\"{&quot;content_width&quot;:&quot;boxed&quot;}\" data-core-v316-plus=\"true\">\n\t\t\t\t\t<div class=\"e-con-inner\">\n\t\t\t\t<div class=\"elementor-element elementor-element-c724242 elementor-widget elementor-widget-text-editor\" data-id=\"c724242\" data-element_type=\"widget\" data-widget_type=\"text-editor.default\">\n\t\t\t\t<div class=\"elementor-widget-container\">\n\t\t\t<style>\/*! elementor - v3.19.0 - 07-02-2024 *\/\n.elementor-widget-text-editor.elementor-drop-cap-view-stacked .elementor-drop-cap{background-color:#69727d;color:#fff}.elementor-widget-text-editor.elementor-drop-cap-view-framed .elementor-drop-cap{color:#69727d;border:3px solid;background-color:transparent}.elementor-widget-text-editor:not(.elementor-drop-cap-view-default) .elementor-drop-cap{margin-top:8px}.elementor-widget-text-editor:not(.elementor-drop-cap-view-default) .elementor-drop-cap-letter{width:1em;height:1em}.elementor-widget-text-editor .elementor-drop-cap{float:left;text-align:center;line-height:1;font-size:50px}.elementor-widget-text-editor .elementor-drop-cap-letter{display:inline-block}<\/style>\t\t\t\t<div class=\"xdj266r x11i5rnm xat24cr x1mh8g0r x1vvkbs x126k92a\"><div dir=\"auto\">A ABAC e a Funda\u00e7\u00e3o Smart City, com sede na Praia, assinaram um protocolo de parceria ontem, dia 19 de Setembro.<\/div><\/div><div class=\"x11i5rnm xat24cr x1mh8g0r x1vvkbs xtlvy1s x126k92a\"><div dir=\"auto\">Com este protocolo, a Funda\u00e7\u00e3o Smart City passa a ser parceiro institucional da ABAC e uma via privilegiada para a receber projetos de empreendedores para poss\u00edvel investimento dos membros da ABAC, os Business Angels.<\/div><\/div><div class=\"x11i5rnm xat24cr x1mh8g0r x1vvkbs xtlvy1s x126k92a\"><div dir=\"auto\">Ambas institui\u00e7\u00f5es ir\u00e3o facilitar a partilha de informa\u00e7\u00f5es e realizar a\u00e7\u00f5es conjuntas de m\u00fatuo interesse.<\/div><\/div>\t\t\t\t\t\t<\/div>\n\t\t\t\t<\/div>\n\t\t\t\t\t<\/div>\n\t\t\t\t<\/div>\n\t\t\t\t<\/div>\n\t\t","protected":false},"excerpt":{"rendered":"<p>A ABAC e a Funda\u00e7\u00e3o Smart City, com sede na Praia, assinaram um protocolo de parceria ontem, dia 19 de Setembro.Com este protocolo, a Funda\u00e7\u00e3o Smart City passa a ser parceiro institucional da ABAC e uma via privilegiada para a receber projetos de empreendedores para poss\u00edvel investimento dos membros da ABAC, os Business Angels.Ambas institui\u00e7\u00f5es<br \/><a class=\"moretag\" href=\"https:\/\/abac.cv\/index.php\/2024\/06\/19\/a-abac-e-a-fundacao-smart-city-com-sede-na-praia-assinaram-um-protocolo-de-parceria-ontem-dia-19-de-setembro\/\">+ Read More<\/a><\/p>\n","protected":false},"author":1,"featured_media":659,"comment_status":"closed","ping_status":"closed","sticky":false,"template":"","format":"standard","meta":{"footnotes":""},"categories":[1,8],"tags":[],"class_list":["post-658","post","type-post","status-publish","format-standard","has-post-thumbnail","hentry","category-noti","category-noticias"],"_links":{"self":[{"href":"https:\/\/abac.cv\/index.php\/wp-json\/wp\/v2\/posts\/658","targetHints":{"allow":["GET"]}}],"collection":[{"href":"https:\/\/abac.cv\/index.php\/wp-json\/wp\/v2\/posts"}],"about":[{"href":"https:\/\/abac.cv\/index.php\/wp-json\/wp\/v2\/types\/post"}],"author":[{"embeddable":true,"href":"https:\/\/abac.cv\/index.php\/wp-json\/wp\/v2\/users\/1"}],"replies":[{"embeddable":true,"href":"https:\/\/abac.cv\/index.php\/wp-json\/wp\/v2\/comments?post=658"}],"version-history":[{"count":4,"href":"https:\/\/abac.cv\/index.php\/wp-json\/wp\/v2\/posts\/658\/revisions"}],"predecessor-version":[{"id":663,"href":"https:\/\/abac.cv\/index.php\/wp-json\/wp\/v2\/posts\/658\/revisions\/663"}],"wp:featuredmedia":[{"embeddable":true,"href":"https:\/\/abac.cv\/index.php\/wp-json\/wp\/v2\/media\/659"}],"wp:attachment":[{"href":"https:\/\/abac.cv\/index.php\/wp-json\/wp\/v2\/media?parent=658"}],"wp:term":[{"taxonomy":"category","embeddable":true,"href":"https:\/\/abac.cv\/index.php\/wp-json\/wp\/v2\/categories?post=658"},{"taxonomy":"post_tag","embeddable":true,"href":"https:\/\/abac.cv\/index.php\/wp-json\/wp\/v2\/tags?post=658"}],"curies":[{"name":"wp","href":"https:\/\/api.w.org\/{rel}","templated":true}]}}